{"id":283,"date":"2017-05-03T12:33:19","date_gmt":"2017-05-03T10:33:19","guid":{"rendered":"http:\/\/unfrenchie.fr\/?p=283"},"modified":"2017-05-07T09:30:14","modified_gmt":"2017-05-07T07:30:14","slug":"les-candidats-reves-pour-une-election-presidentielle","status":"publish","type":"post","link":"http:\/\/unfrenchie.fr\/?p=283","title":{"rendered":"Les candidats r\u00eav\u00e9s pour une \u00e9lection pr\u00e9sidentielle"},"content":{"rendered":"<h6 style=\"text-align: center;\"><em>En cette p\u00e9riode \u00e9lectorale tendue comme un string Arnys sur-mesure, il est temps de r\u00e9tablir l\u2019ordre des choses avec une s\u00e9lection de 10 vrais bonhommes, des candidats qui eux ont moins de casseroles que Cyril Lignac et plus de programme que t\u00e9l\u00e9 7 jours. D\u00e9cryptage &amp; r\u00e9v\u00e9lation.<\/em><\/h6>\n<hr \/>\n<p style=\"text-align: center;\"><!--more--><\/p>\n<p style=\"text-align: left;\">La s\u00e9lection de 10 candidats solides pour l\u2019\u00e9lection 2017 :<\/p>\n<ul style=\"text-align: center;\">\n<li>\n<h3 style=\"text-align: left;\">Jul<\/h3>\n<\/li>\n<\/ul>\n<p style=\"text-align: center;\">Parce qu\u2019un nom simple ne signifie pas forc\u00e9ment un mandat simple, Jul aura du pain sur la planche, \u00e0 commencer par le changement de d\u00e9co \u00e0 l\u2019Elys\u00e9e jug\u00e9e trop \u00ab\u00a0bas d\u2019gamme\u00a0\u00bb, sans oublier \u00ab\u00a0 l&#8217;nom sur ma sonnette\u00a0\u00bb (c\u2019est important pour le facteur). Le Lionel Messi de l\u2019auto-tune en a ras la coupe au bol d\u2019un pays qui, comme il le dit en toute profondeur et sinc\u00e9rit\u00e9 \u00ab est pas dans l&#8217;m\u00eame d\u00e9l&#8217; que les filles d&#8217;\u00e0 c\u00f4t\u00e9\u00a0\u00bb, faisant naturellement allusion aux pays limitrophes de l\u2019hexagone et le sort de l\u2019UE qui en d\u00e9coule, via une m\u00e9taphore fil\u00e9e (d\u00e9dicace \u00e0 tous les professeurs de fran\u00e7ais qui voient dans les textes des allusions que les auteurs eux-m\u00eames n\u2019ont jamais remarqu\u00e9es).<\/p>\n<ul style=\"text-align: center;\">\n<li style=\"text-align: left;\">Les plus\u00a0: des lois tr\u00e8s simples, comme l\u2019amendement 49 alin\u00e9a \u00a0\u00ab\u00a0wesh alors\u00a0\u00bb, \u00e0 la port\u00e9e de tous. Les opposants aux pouvoirs sont pr\u00e9venus\u00a0: \u00ab\u00a0tu vas avoir des allus&#8217; quand j&#8217;vais t&#8217;mettre un ciseau retourn\u00e9 dans la nuque\u00a0\u00bb. Poutine\u00a0? \u00ab\u00a0Oh le con il veut me test ouhh\u00a0\u00bb. Finit les costumes \u00e0 9000\u20ac\u00a0:\u00ab\u00a0J&#8217;suis dans l&#8217;game en claquettes\u00a0\u00bb.<\/li>\n<li style=\"text-align: left;\">Les moins\u00a0: l\u2019\u00e9conomie capillaire dans une crise sans pr\u00e9c\u00e9dent, le coiffeur pr\u00e9sidentiel vir\u00e9. Ses singles en musique d\u2019attente \u00e0 P\u00f4le emploi pour \u00e9radiquer le ch\u00f4mage.<\/li>\n<\/ul>\n<figure id=\"attachment_291\" aria-describedby=\"caption-attachment-291\" style=\"width: 320px\" class=\"wp-caption aligncenter\"><img loading=\"lazy\" decoding=\"async\" data-attachment-id=\"291\" data-permalink=\"http:\/\/unfrenchie.fr\/?attachment_id=291\" data-orig-file=\"https:\/\/i0.wp.com\/unfrenchie.fr\/wp-content\/uploads\/2017\/05\/JUL.png?fit=480%2C677\" data-orig-size=\"480,677\" data-comments-opened=\"1\" data-image-meta=\"{&quot;aperture&quot;:&quot;0&quot;,&quot;credit&quot;:&quot;&quot;,&quot;camera&quot;:&quot;&quot;,&quot;caption&quot;:&quot;&quot;,&quot;created_timestamp&quot;:&quot;0&quot;,&quot;copyright&quot;:&quot;&quot;,&quot;focal_length&quot;:&quot;0&quot;,&quot;iso&quot;:&quot;0&quot;,&quot;shutter_speed&quot;:&quot;0&quot;,&quot;title&quot;:&quot;&quot;,&quot;orientation&quot;:&quot;0&quot;}\" data-image-title=\"JUL\" data-image-description=\"\" data-image-caption=\"\" data-medium-file=\"https:\/\/i0.wp.com\/unfrenchie.fr\/wp-content\/uploads\/2017\/05\/JUL.png?fit=213%2C300\" data-large-file=\"https:\/\/i0.wp.com\/unfrenchie.fr\/wp-content\/uploads\/2017\/05\/JUL.png?fit=480%2C677\" class=\"wp-image-291 size-full\" src=\"https:\/\/i0.wp.com\/unfrenchie.fr\/wp-content\/uploads\/2017\/05\/JUL.png?resize=320%2C451\" alt=\"\" width=\"320\" height=\"451\" srcset=\"https:\/\/i0.wp.com\/unfrenchie.fr\/wp-content\/uploads\/2017\/05\/JUL.png?w=480 480w, https:\/\/i0.wp.com\/unfrenchie.fr\/wp-content\/uploads\/2017\/05\/JUL.png?resize=213%2C300 213w\" sizes=\"(max-width: 320px) 100vw, 320px\" data-recalc-dims=\"1\" \/><figcaption id=\"caption-attachment-291\" class=\"wp-caption-text\">cr\u00e9dit photo : <a href=\"http:\/\/www.topito.com\/top-parodies-affiches-presidentielles-quon-vraiment-voir-dans-les-rues\">Topito<\/a><\/figcaption><\/figure>\n<p>&nbsp;<\/p>\n<ul style=\"text-align: center;\">\n<li>\n<h3 style=\"text-align: left;\">Cyril Hanouna<\/h3>\n<\/li>\n<\/ul>\n<p style=\"text-align: center;\">Ahh ce bon vieux baba, au centre de la sc\u00e8ne m\u00e9diatique, le partage du temps de parole ne lui fait pas peur tant que c\u2019est minimum 36h d\u2019affil\u00e9 chacun. Fort d\u2019un pass\u00e9 pluridisciplinaire ou philosophie de vie se m\u00e9langeait \u00e0 des combats de merguez, sa culture et sa sagesse n\u2019ont d\u2019\u00e9gales que sa popularit\u00e9 \u00e0 l\u2019acad\u00e9mie fran\u00e7aise. Bref, il est \u00e0 l\u2019avenir de la France ce que la m\u00e9t\u00e9orite est aux dinosaures. But who care mes petites ch\u00e9ries\u00a0?<\/p>\n<ul style=\"text-align: center;\">\n<li style=\"text-align: left;\">Les plus : ce sera un canular<\/li>\n<li style=\"text-align: left;\">Les moins\u00a0: du coup pas de nouilles au pesto dans le cale\u00e7on de l\u2019h\u00e9micycle. Ni de Matthieu Delormeau en 1<sup>er<\/sup> Ministre. Choqu\u00e9&amp;d\u00e9\u00e7u.<\/li>\n<\/ul>\n<p>&nbsp;<\/p>\n<ul style=\"text-align: center;\">\n<li>\n<h3 style=\"text-align: left;\">OSS 117<\/h3>\n<\/li>\n<\/ul>\n<p style=\"text-align: center;\">parce qu\u2019il se d\u00e9signe lui-m\u00eame comme \u00e9tant l\u00e0 \u00ab\u00a0pour vous servir\u00a0\u00bb et que depuis Ren\u00e9 Coty tout fou l\u2019camp au pays de la blanquette, il est bien d\u00e9cid\u00e9 \u00e0 changer le monde apr\u00e8s \u00eatre all\u00e9 chez le coiffeur. Son objectif\u00a0? Mettre la piquette au ch\u00f4mage (23 \u2013 0 pour \u00eatre exact). Avec Slimane en 1<sup>er<\/sup> ministre, voil\u00e0 le renouveau d\u2019un pays qui fonce et qui jamais ne vous laissera dans de beaux draps. Sa devise\u00a0? \u00ab\u00a0Tr\u00e8s bien, faisons comme \u00e7a\u00a0\u00bb.<\/p>\n<ul style=\"text-align: center;\">\n<li style=\"text-align: left;\">Les plus\u00a0: Il sait parler Arabe. Jusqu\u2019\u00e0 5. Quand il ne se beurre pas la biscotte c\u2019est pour tuer des crocos ou porter des choses lourdes (en fervent d\u00e9fenseur de l\u2019\u00e9galit\u00e9 homme-femme qu\u2019il incarne). Il aime se battre. Et puis qui n\u2019a jamais r\u00eav\u00e9 de r\u00e9soudre les conflits internationaux dans un costume en Alpaga\u00a0?<\/li>\n<li style=\"text-align: left;\">Les moins\u00a0: ce ne sera pas double ration de frite, mais de hareng pomme \u00e0 l\u2019huile. Vous pourrez assister \u00e0 l\u2019inauguration de la 1<sup>\u00e8re<\/sup> amicale des anciens Nazis.<\/li>\n<\/ul>\n<p style=\"text-align: center;\"><img loading=\"lazy\" decoding=\"async\" data-attachment-id=\"293\" data-permalink=\"http:\/\/unfrenchie.fr\/?attachment_id=293\" data-orig-file=\"https:\/\/i0.wp.com\/unfrenchie.fr\/wp-content\/uploads\/2017\/05\/oss2017.png?fit=1280%2C866\" data-orig-size=\"1280,866\" data-comments-opened=\"1\" data-image-meta=\"{&quot;aperture&quot;:&quot;0&quot;,&quot;credit&quot;:&quot;&quot;,&quot;camera&quot;:&quot;&quot;,&quot;caption&quot;:&quot;&quot;,&quot;created_timestamp&quot;:&quot;0&quot;,&quot;copyright&quot;:&quot;&quot;,&quot;focal_length&quot;:&quot;0&quot;,&quot;iso&quot;:&quot;0&quot;,&quot;shutter_speed&quot;:&quot;0&quot;,&quot;title&quot;:&quot;&quot;,&quot;orientation&quot;:&quot;0&quot;}\" data-image-title=\"oss2017\" data-image-description=\"\" data-image-caption=\"\" data-medium-file=\"https:\/\/i0.wp.com\/unfrenchie.fr\/wp-content\/uploads\/2017\/05\/oss2017.png?fit=300%2C203\" data-large-file=\"https:\/\/i0.wp.com\/unfrenchie.fr\/wp-content\/uploads\/2017\/05\/oss2017.png?fit=768%2C520\" class=\"alignnone size-full wp-image-293\" src=\"https:\/\/i0.wp.com\/unfrenchie.fr\/wp-content\/uploads\/2017\/05\/oss2017.png?resize=640%2C433\" alt=\"\" width=\"640\" height=\"433\" srcset=\"https:\/\/i0.wp.com\/unfrenchie.fr\/wp-content\/uploads\/2017\/05\/oss2017.png?w=1280 1280w, https:\/\/i0.wp.com\/unfrenchie.fr\/wp-content\/uploads\/2017\/05\/oss2017.png?resize=300%2C203 300w, https:\/\/i0.wp.com\/unfrenchie.fr\/wp-content\/uploads\/2017\/05\/oss2017.png?resize=768%2C520 768w, https:\/\/i0.wp.com\/unfrenchie.fr\/wp-content\/uploads\/2017\/05\/oss2017.png?resize=1024%2C693 1024w\" sizes=\"(max-width: 640px) 100vw, 640px\" data-recalc-dims=\"1\" \/><\/p>\n<ul style=\"text-align: center;\">\n<li>\n<h3 style=\"text-align: left;\">Barack Obama<\/h3>\n<\/li>\n<\/ul>\n<p style=\"text-align: center;\">Apr\u00e8s 8 ans de bons et loyaux services au pays de l\u2019Iphone levant, quoi de plus enfantin qu\u2019une retraite en France\u00a0? C\u2019est un peu comme si Federer passait de Nadal \u00e0 Tsonga, les kinder Bueno en moins. En plus d\u2019avoir \u00e9t\u00e9 le 1<sup>er<\/sup> pr\u00e9sident noir des US, il serait pour nous le 1<sup>er<\/sup> pr\u00e9sident tout court. Une aubaine donc.<\/p>\n<ul style=\"text-align: center;\">\n<li style=\"text-align: left;\">Les plus\u00a0: quand tu te la p\u00e8tes en vacances tu dis que t\u2019am\u00e8nes le beau temps, lui il am\u00e8ne carr\u00e9ment <a href=\"http:\/\/i.imgur.com\/2rJ8MWJ.jpg\">l\u2019arc en ciel<\/a> avec. Digne des plus grands donc. Il fera la plupart de ses meetings au Jamel Comedy Club.<\/li>\n<li style=\"text-align: left;\">Les moins\u00a0: sa r\u00e9action quand il verra qu\u2019il n\u2019y a pas de bowling \u00e0 l\u2019Elys\u00e9e. Et il ne parle pas fran\u00e7ais, accessoirement.<\/li>\n<\/ul>\n<figure id=\"attachment_292\" aria-describedby=\"caption-attachment-292\" style=\"width: 300px\" class=\"wp-caption aligncenter\"><img loading=\"lazy\" decoding=\"async\" data-attachment-id=\"292\" data-permalink=\"http:\/\/unfrenchie.fr\/?attachment_id=292\" data-orig-file=\"https:\/\/i0.wp.com\/unfrenchie.fr\/wp-content\/uploads\/2017\/05\/obama2017_affiche_custom-65045e4dd3fac48302269c55c4f5329c13ac5335-s300-c85.png?fit=300%2C401\" data-orig-size=\"300,401\" data-comments-opened=\"1\" data-image-meta=\"{&quot;aperture&quot;:&quot;0&quot;,&quot;credit&quot;:&quot;&quot;,&quot;camera&quot;:&quot;&quot;,&quot;caption&quot;:&quot;&quot;,&quot;created_timestamp&quot;:&quot;0&quot;,&quot;copyright&quot;:&quot;&quot;,&quot;focal_length&quot;:&quot;0&quot;,&quot;iso&quot;:&quot;0&quot;,&quot;shutter_speed&quot;:&quot;0&quot;,&quot;title&quot;:&quot;&quot;,&quot;orientation&quot;:&quot;0&quot;}\" data-image-title=\"obama2017_affiche_custom-65045e4dd3fac48302269c55c4f5329c13ac5335-s300-c85\" data-image-description=\"\" data-image-caption=\"\" data-medium-file=\"https:\/\/i0.wp.com\/unfrenchie.fr\/wp-content\/uploads\/2017\/05\/obama2017_affiche_custom-65045e4dd3fac48302269c55c4f5329c13ac5335-s300-c85.png?fit=224%2C300\" data-large-file=\"https:\/\/i0.wp.com\/unfrenchie.fr\/wp-content\/uploads\/2017\/05\/obama2017_affiche_custom-65045e4dd3fac48302269c55c4f5329c13ac5335-s300-c85.png?fit=300%2C401\" class=\"wp-image-292 size-full\" src=\"https:\/\/i0.wp.com\/unfrenchie.fr\/wp-content\/uploads\/2017\/05\/obama2017_affiche_custom-65045e4dd3fac48302269c55c4f5329c13ac5335-s300-c85.png?resize=300%2C401\" alt=\"\" width=\"300\" height=\"401\" srcset=\"https:\/\/i0.wp.com\/unfrenchie.fr\/wp-content\/uploads\/2017\/05\/obama2017_affiche_custom-65045e4dd3fac48302269c55c4f5329c13ac5335-s300-c85.png?w=300 300w, https:\/\/i0.wp.com\/unfrenchie.fr\/wp-content\/uploads\/2017\/05\/obama2017_affiche_custom-65045e4dd3fac48302269c55c4f5329c13ac5335-s300-c85.png?resize=224%2C300 224w\" sizes=\"(max-width: 300px) 100vw, 300px\" data-recalc-dims=\"1\" \/><figcaption id=\"caption-attachment-292\" class=\"wp-caption-text\">cr\u00e9dit photo : <a href=\"https:\/\/twitter.com\/artofar\/status\/834464526653349889\">twitter<\/a><\/figcaption><\/figure>\n<p>&nbsp;<\/p>\n<ul style=\"text-align: center;\">\n<li>\n<h3 style=\"text-align: left;\">Tintin<\/h3>\n<\/li>\n<\/ul>\n<p style=\"text-align: center;\">Incollable en g\u00e9ographie, ses nombreux voyages en plus de lui permettre de rapporter quelques cigares bien frais mam\u00e8ne et autres champignons g\u00e9ants, lui ont donn\u00e9s les boules (de Cristal) de cette soci\u00e9t\u00e9 qui va mal tel un Y\u00e9ti en repli, et lui ont permis de s\u2019entourer comme jaja. Bref, tout comme la Castafiore, le vrai parrain du Benelux n\u2019a pas dit son dernier mot\u00a0#OnAmarch\u00e9SurLaD\u00e9mocratie<\/p>\n<ul style=\"text-align: center;\">\n<li style=\"text-align: left;\">Les plus : Las de conflits internationaux de bas \u00e9tages, il va promener son chien sur la lune, c\u2019est vous dire si le bonhomme ne fait pas les choses \u00e0 moiti\u00e9 et p\u00e8se dans le game intergalactique. Le terrorisme\u00a0? Il lui casse l\u2019oreille.<\/li>\n<li style=\"text-align: left;\">Les moins\u00a0: Dupont et Dupond en ministre de la justice (garde des sots en l\u2019occurrence). Qui plus est de la coke en stock \u00e0 l\u2019Elys\u00e9e \u00e7a la fout mal\u2026<\/li>\n<\/ul>\n<p style=\"text-align: center;\"><img loading=\"lazy\" decoding=\"async\" data-attachment-id=\"288\" data-permalink=\"http:\/\/unfrenchie.fr\/?attachment_id=288\" data-orig-file=\"https:\/\/i0.wp.com\/unfrenchie.fr\/wp-content\/uploads\/2017\/05\/TINTIN.png?fit=1550%2C1662\" data-orig-size=\"1550,1662\" data-comments-opened=\"1\" data-image-meta=\"{&quot;aperture&quot;:&quot;0&quot;,&quot;credit&quot;:&quot;&quot;,&quot;camera&quot;:&quot;&quot;,&quot;caption&quot;:&quot;&quot;,&quot;created_timestamp&quot;:&quot;0&quot;,&quot;copyright&quot;:&quot;&quot;,&quot;focal_length&quot;:&quot;0&quot;,&quot;iso&quot;:&quot;0&quot;,&quot;shutter_speed&quot;:&quot;0&quot;,&quot;title&quot;:&quot;&quot;,&quot;orientation&quot;:&quot;0&quot;}\" data-image-title=\"TINTIN\" data-image-description=\"\" data-image-caption=\"\" data-medium-file=\"https:\/\/i0.wp.com\/unfrenchie.fr\/wp-content\/uploads\/2017\/05\/TINTIN.png?fit=280%2C300\" data-large-file=\"https:\/\/i0.wp.com\/unfrenchie.fr\/wp-content\/uploads\/2017\/05\/TINTIN.png?fit=768%2C823\" class=\"alignnone size-full wp-image-288\" src=\"https:\/\/i0.wp.com\/unfrenchie.fr\/wp-content\/uploads\/2017\/05\/TINTIN.png?resize=388%2C416\" alt=\"\" width=\"388\" height=\"416\" srcset=\"https:\/\/i0.wp.com\/unfrenchie.fr\/wp-content\/uploads\/2017\/05\/TINTIN.png?w=1550 1550w, https:\/\/i0.wp.com\/unfrenchie.fr\/wp-content\/uploads\/2017\/05\/TINTIN.png?resize=280%2C300 280w, https:\/\/i0.wp.com\/unfrenchie.fr\/wp-content\/uploads\/2017\/05\/TINTIN.png?resize=768%2C823 768w, https:\/\/i0.wp.com\/unfrenchie.fr\/wp-content\/uploads\/2017\/05\/TINTIN.png?resize=955%2C1024 955w\" sizes=\"(max-width: 388px) 100vw, 388px\" data-recalc-dims=\"1\" \/><\/p>\n<ul style=\"text-align: center;\">\n<li>\n<h3 style=\"text-align: left;\">Denis Brognard<\/h3>\n<\/li>\n<\/ul>\n<p style=\"text-align: center;\">Isol\u00e9 depuis bient\u00f4t 17 ans sur son \u00eele, Denis la malice comme il aime \u00e0 \u00eatre appel\u00e9, a eu le temps de m\u00e9diter sur les vices et travers de nos soci\u00e9t\u00e9s. C\u2019est en plongeant \u00e0 30m de profondeur pour r\u00e9cup\u00e9rer une noix de coco avec les dents que la v\u00e9rit\u00e9 lui est apparue\u00a0: tout n\u2019est pas que rouge ou que jaune au pays du vin. C\u2019est donc pour se mettre \u00e0 notre service qu\u2019il a souhait\u00e9 faire tomber le masque et le tubas.<\/p>\n<ul style=\"text-align: center;\">\n<li style=\"text-align: left;\">Les plus\u00a0: il arrive \u00e0 faire r\u00e9gner l\u2019ordre sur une \u00eele infest\u00e9e de crocodile <del>et d\u2019h\u00f4tel Ibis<\/del>. Il sait p\u00e9cher avec un b\u00e2ton pointu, m\u00eame s\u2019il est plus \u00e0 l\u2019aise avec un chalutier. N\u00e9gociateur hors pair, il arrive \u00e0 convaincre quelqu\u2019un de rester 6h sur un poteau, juste comme \u00e7a, sans playstation 4. C\u2019est vous dire la force de persuasion.<\/li>\n<li style=\"text-align: left;\">Les moins\u00a0: Une \u00e9conomie bas\u00e9e sur le riz, gr\u00e2ce aux fameuses rizicultures fran\u00e7aises de renom (et la mousson qui va avec). L\u2019exception culturelle fran\u00e7aise oui, mais que si c\u2019est \u00e0 base de totem. Ou que \u00e7a parle de totem. Ou que \u00e7a en a la forme. Des feux tricolores totem par exemple. Il invitera les repr\u00e9sentants de chaque pays \u00e0 prendre un vers #LesVeganDirontSaw6. Son point phare, une grosse r\u00e9forme de la couverture maladie pour faire des \u00e9conomies : si tu te blesses t\u2019es expuls\u00e9. Et dans tous les cas c\u2019est un fran\u00e7ais en moins chaque semaine. D\u00e9so pas d\u00e9so.<\/li>\n<\/ul>\n<p style=\"text-align: center;\"><img loading=\"lazy\" decoding=\"async\" data-attachment-id=\"289\" data-permalink=\"http:\/\/unfrenchie.fr\/?attachment_id=289\" data-orig-file=\"https:\/\/i0.wp.com\/unfrenchie.fr\/wp-content\/uploads\/2017\/05\/denis.png?fit=756%2C768\" data-orig-size=\"756,768\" data-comments-opened=\"1\" data-image-meta=\"{&quot;aperture&quot;:&quot;0&quot;,&quot;credit&quot;:&quot;&quot;,&quot;camera&quot;:&quot;&quot;,&quot;caption&quot;:&quot;&quot;,&quot;created_timestamp&quot;:&quot;0&quot;,&quot;copyright&quot;:&quot;&quot;,&quot;focal_length&quot;:&quot;0&quot;,&quot;iso&quot;:&quot;0&quot;,&quot;shutter_speed&quot;:&quot;0&quot;,&quot;title&quot;:&quot;&quot;,&quot;orientation&quot;:&quot;0&quot;}\" data-image-title=\"denis\" data-image-description=\"\" data-image-caption=\"\" data-medium-file=\"https:\/\/i0.wp.com\/unfrenchie.fr\/wp-content\/uploads\/2017\/05\/denis.png?fit=295%2C300\" data-large-file=\"https:\/\/i0.wp.com\/unfrenchie.fr\/wp-content\/uploads\/2017\/05\/denis.png?fit=756%2C768\" class=\"alignnone size-full wp-image-289\" src=\"https:\/\/i0.wp.com\/unfrenchie.fr\/wp-content\/uploads\/2017\/05\/denis.png?resize=378%2C384\" alt=\"\" width=\"378\" height=\"384\" srcset=\"https:\/\/i0.wp.com\/unfrenchie.fr\/wp-content\/uploads\/2017\/05\/denis.png?w=756 756w, https:\/\/i0.wp.com\/unfrenchie.fr\/wp-content\/uploads\/2017\/05\/denis.png?resize=295%2C300 295w\" sizes=\"(max-width: 378px) 100vw, 378px\" data-recalc-dims=\"1\" \/><\/p>\n<ul style=\"text-align: center;\">\n<li>\n<h3 style=\"text-align: left;\">Patrick S\u00e9bastien<\/h3>\n<\/li>\n<\/ul>\n<p style=\"text-align: center;\">Parce que le samedi soir sur France 2 c\u2019est bien, mais parce que tous les jours dans toute la France se serait mieux, l\u2019homme qui a tant \u0153uvr\u00e9 pour maintenir l\u2019\u00e9conomie des PMU \u00e0 flot voudrait tous nous inviter \u00e0 sa table (sauf si tu ne sais pas peindre avec du sable ou passer dans un cerceau en feu en jonglant avec des diabolos, il en va de soi). Mais quel Panard\u00a0!<\/p>\n<ul style=\"text-align: center;\">\n<li style=\"text-align: left;\">Les plus : les sardines comme hymne national, facile \u00e0 apprendre et \u00e0 entonner en soir\u00e9e (chose pour laquelle on ne vous traitera plus de nationaliste, mais de \u00ab\u00a0allez Robert reprends un verre\u00a0\u00bb).<\/li>\n<li style=\"text-align: left;\">Les moins\u00a0: le cirque du soleil \u00e0 l\u2019assembl\u00e9e, encore difficile \u00e0 traduire en audio description.<\/li>\n<\/ul>\n<p style=\"text-align: center;\"><img loading=\"lazy\" decoding=\"async\" data-attachment-id=\"286\" data-permalink=\"http:\/\/unfrenchie.fr\/?attachment_id=286\" data-orig-file=\"https:\/\/i0.wp.com\/unfrenchie.fr\/wp-content\/uploads\/2017\/05\/pat2.png?fit=2168%2C1594\" data-orig-size=\"2168,1594\" data-comments-opened=\"1\" data-image-meta=\"{&quot;aperture&quot;:&quot;0&quot;,&quot;credit&quot;:&quot;&quot;,&quot;camera&quot;:&quot;&quot;,&quot;caption&quot;:&quot;&quot;,&quot;created_timestamp&quot;:&quot;0&quot;,&quot;copyright&quot;:&quot;&quot;,&quot;focal_length&quot;:&quot;0&quot;,&quot;iso&quot;:&quot;0&quot;,&quot;shutter_speed&quot;:&quot;0&quot;,&quot;title&quot;:&quot;&quot;,&quot;orientation&quot;:&quot;0&quot;}\" data-image-title=\"pat2\" data-image-description=\"\" data-image-caption=\"\" data-medium-file=\"https:\/\/i0.wp.com\/unfrenchie.fr\/wp-content\/uploads\/2017\/05\/pat2.png?fit=300%2C221\" data-large-file=\"https:\/\/i0.wp.com\/unfrenchie.fr\/wp-content\/uploads\/2017\/05\/pat2.png?fit=768%2C565\" class=\"alignnone size-full wp-image-286\" src=\"https:\/\/i0.wp.com\/unfrenchie.fr\/wp-content\/uploads\/2017\/05\/pat2.png?resize=542%2C399\" alt=\"\" width=\"542\" height=\"399\" srcset=\"https:\/\/i0.wp.com\/unfrenchie.fr\/wp-content\/uploads\/2017\/05\/pat2.png?w=2168 2168w, https:\/\/i0.wp.com\/unfrenchie.fr\/wp-content\/uploads\/2017\/05\/pat2.png?resize=300%2C221 300w, https:\/\/i0.wp.com\/unfrenchie.fr\/wp-content\/uploads\/2017\/05\/pat2.png?resize=768%2C565 768w, https:\/\/i0.wp.com\/unfrenchie.fr\/wp-content\/uploads\/2017\/05\/pat2.png?resize=1024%2C753 1024w, https:\/\/i0.wp.com\/unfrenchie.fr\/wp-content\/uploads\/2017\/05\/pat2.png?w=1536 1536w\" sizes=\"(max-width: 542px) 100vw, 542px\" data-recalc-dims=\"1\" \/><\/p>\n<ul style=\"text-align: center;\">\n<li>\n<h3 style=\"text-align: left;\">Chuck Norris<\/h3>\n<\/li>\n<\/ul>\n<p style=\"text-align: center;\">Au-del\u00e0 d\u2019un gif fort sympathique c\u2019est avant tout une personne avide de justice et d\u00e9sireux de r\u00e9soudre le conflit Isra\u00e9lo-palestinien avec un \u0153uf et une allumette, avant de s\u2019enfuir en deltaplane. Il aime les cowboys, les santiags, et les longues chevauch\u00e9es d\u2019hiver, c\u2019est donc ton ami.<\/p>\n<ul style=\"text-align: center;\">\n<li style=\"text-align: left;\">Les plus\u00a0: c\u2019est Chuck Norris<\/li>\n<li style=\"text-align: left;\">Les moins\u00a0: il n\u2019a h\u00e9las pas eu affaire aux ours et aux loups. Il a compt\u00e9 jusqu\u2019\u00e0 l\u2019infini (deux fois), mais a abandonn\u00e9 de compter la dette fran\u00e7aise. Il donne fr\u00e9quemment du sang \u00e0 la Croix-Rouge. Mais jamais le sien.<\/li>\n<\/ul>\n<p>&nbsp;<\/p>\n<ul style=\"text-align: center;\">\n<li>\n<h3 style=\"text-align: left;\">Dewey<\/h3>\n<\/li>\n<\/ul>\n<p style=\"text-align: center;\">Qui n\u2019a jamais r\u00eav\u00e9 d\u2019un pr\u00e9sident normal, qui mange des frites, joue \u00e0 Mortal Combat le dimanche et parle aux fourmis\u00a0? L\u2019Am\u00e9rique l\u2019a fait, M6 nous l\u2019a apport\u00e9. Issu d\u2019une famille modeste, le jeune Dewey a su garder en t\u00eate le prix d\u2019un pain au chocolat (mais pas celui d&#8217;une chocolatine, d\u00e9so les esprits tortur\u00e9s) ou d\u2019un mariage g\u00e2ch\u00e9. Bref, comme il le dit si bien \u00e0 la vue de notre pays \u00ab\u00a0Je ne m&#8217;attendais \u00e0 rien mais je suis quand m\u00eame d\u00e9\u00e7u.\u00a0\u00bb<\/p>\n<ul style=\"text-align: center;\">\n<li style=\"text-align: left;\">Les plus\u00a0: Un homme proche du peuple, qui connait les soucis des chiens et l\u2019alphabet. Il est conscient du probl\u00e8me environnemental puisqu\u2019il roule en voiturette de golf. Pas de guerre possible avec une t\u00eate comme \u00e7a #SoCute<\/li>\n<li style=\"text-align: left;\">Les moins\u00a0: une politique fortement orient\u00e9e par le menu de son go\u00fbter. Le retour de l\u2019uniforme \u00e0 l\u2019\u00e9cole, et plus particuli\u00e8rement du pyjama. R\u00e9soudre les conflits \u00e0 coup de brique dans son sac \u00e0 main ne lui fait pas peur. La question est, pourquoi a-t-il un sac \u00e0 main bordel ??<\/li>\n<\/ul>\n<figure id=\"attachment_290\" aria-describedby=\"caption-attachment-290\" style=\"width: 327px\" class=\"wp-caption aligncenter\"><img loading=\"lazy\" decoding=\"async\" data-attachment-id=\"290\" data-permalink=\"http:\/\/unfrenchie.fr\/?attachment_id=290\" data-orig-file=\"https:\/\/i0.wp.com\/unfrenchie.fr\/wp-content\/uploads\/2017\/05\/FB_IMG_1491813612641.jpg?fit=1306%2C1840\" data-orig-size=\"1306,1840\" data-comments-opened=\"1\" data-image-meta=\"{&quot;aperture&quot;:&quot;0&quot;,&quot;credit&quot;:&quot;&quot;,&quot;camera&quot;:&quot;&quot;,&quot;caption&quot;:&quot;&quot;,&quot;created_timestamp&quot;:&quot;0&quot;,&quot;copyright&quot;:&quot;&quot;,&quot;focal_length&quot;:&quot;0&quot;,&quot;iso&quot;:&quot;0&quot;,&quot;shutter_speed&quot;:&quot;0&quot;,&quot;title&quot;:&quot;&quot;,&quot;orientation&quot;:&quot;0&quot;}\" data-image-title=\"FB_IMG_1491813612641\" data-image-description=\"\" data-image-caption=\"\" data-medium-file=\"https:\/\/i0.wp.com\/unfrenchie.fr\/wp-content\/uploads\/2017\/05\/FB_IMG_1491813612641.jpg?fit=213%2C300\" data-large-file=\"https:\/\/i0.wp.com\/unfrenchie.fr\/wp-content\/uploads\/2017\/05\/FB_IMG_1491813612641.jpg?fit=727%2C1024\" class=\"wp-image-290 size-full\" src=\"https:\/\/i0.wp.com\/unfrenchie.fr\/wp-content\/uploads\/2017\/05\/FB_IMG_1491813612641.jpg?resize=327%2C460\" alt=\"\" width=\"327\" height=\"460\" srcset=\"https:\/\/i0.wp.com\/unfrenchie.fr\/wp-content\/uploads\/2017\/05\/FB_IMG_1491813612641.jpg?w=1306 1306w, https:\/\/i0.wp.com\/unfrenchie.fr\/wp-content\/uploads\/2017\/05\/FB_IMG_1491813612641.jpg?resize=213%2C300 213w, https:\/\/i0.wp.com\/unfrenchie.fr\/wp-content\/uploads\/2017\/05\/FB_IMG_1491813612641.jpg?resize=768%2C1082 768w, https:\/\/i0.wp.com\/unfrenchie.fr\/wp-content\/uploads\/2017\/05\/FB_IMG_1491813612641.jpg?resize=727%2C1024 727w\" sizes=\"(max-width: 327px) 100vw, 327px\" data-recalc-dims=\"1\" \/><figcaption id=\"caption-attachment-290\" class=\"wp-caption-text\">Cr\u00e9dit photo : <a href=\"https:\/\/www.facebook.com\/malcolmfrance\/photos\/a.80505652069.76231.80472037069\/10155206499772070\/?type=3&amp;theater\">Malcolm France<\/a><\/figcaption><\/figure>\n<ul style=\"text-align: center;\">\n<li>\n<h3 style=\"text-align: left;\">Perceval<\/h3>\n<\/li>\n<\/ul>\n<p style=\"text-align: center;\">En voil\u00e0 un qui n\u2019h\u00e9site pas \u00e0 faire savoir qu\u2019il en a gros sur la patate\u00a0! Avec lui finit la gauche et la droite en politique, puisqu\u2019en fonction de comment t\u2019es tourn\u00e9 \u00e7a change de c\u00f4t\u00e9. Entre deux relances de 15 au chante Sloubi, il sait prendre ses responsabilit\u00e9s en piquet diagonal si besoin. Quoi de mieux qu\u2019un chevalier \u00e0 la t\u00eate d\u2019un pays qui en fait sa l\u00e9gion d\u2019honneur\u00a0?<\/p>\n<ul style=\"text-align: center;\">\n<li style=\"text-align: left;\">Les plus\u00a0: il manie l\u2019art de l\u2019Unagi comme personne, les r\u00e8gles de la Grelotine n\u2019ont plus aucun secret pour lui (mais que pour lui, c\u2019est dommage). Il a d\u2019ailleurs une botte secr\u00e8te infaillible #CestPasFaux. Il a compt\u00e9 toutes les pierres du ch\u00e2teau d\u2019Arthur. Ok \u00e7a sert \u00e0 rien mais c\u2019est quand m\u00eame bal\u00e8ze.<\/li>\n<li style=\"text-align: left;\">Moins\u00a0: l\u2019Unagi consiste \u00e0 se battre avec des l\u00e9gumes (ceux qu\u2019on mange, pas les handicap\u00e9s). Des d\u00e9cisions \u00ab\u00a0syst\u00e9matiquement d\u00e9biles mais toujours inattendues\u00a0\u00bb d\u2019apr\u00e8s son N+1. On regrette un vocabulaire quelque peu inadapt\u00e9 et r\u00e9ciproque (par exemple). Il a encore du mal \u00e0 retenir son propre nom.<\/li>\n<\/ul>\n<p style=\"text-align: center;\"><img loading=\"lazy\" decoding=\"async\" data-attachment-id=\"287\" data-permalink=\"http:\/\/unfrenchie.fr\/?attachment_id=287\" data-orig-file=\"https:\/\/i0.wp.com\/unfrenchie.fr\/wp-content\/uploads\/2017\/05\/perceval2.png?fit=1000%2C510\" data-orig-size=\"1000,510\" data-comments-opened=\"1\" data-image-meta=\"{&quot;aperture&quot;:&quot;0&quot;,&quot;credit&quot;:&quot;&quot;,&quot;camera&quot;:&quot;&quot;,&quot;caption&quot;:&quot;&quot;,&quot;created_timestamp&quot;:&quot;0&quot;,&quot;copyright&quot;:&quot;&quot;,&quot;focal_length&quot;:&quot;0&quot;,&quot;iso&quot;:&quot;0&quot;,&quot;shutter_speed&quot;:&quot;0&quot;,&quot;title&quot;:&quot;&quot;,&quot;orientation&quot;:&quot;0&quot;}\" data-image-title=\"perceval2\" data-image-description=\"\" data-image-caption=\"\" data-medium-file=\"https:\/\/i0.wp.com\/unfrenchie.fr\/wp-content\/uploads\/2017\/05\/perceval2.png?fit=300%2C153\" data-large-file=\"https:\/\/i0.wp.com\/unfrenchie.fr\/wp-content\/uploads\/2017\/05\/perceval2.png?fit=768%2C392\" class=\"alignnone size-full wp-image-287\" src=\"https:\/\/i0.wp.com\/unfrenchie.fr\/wp-content\/uploads\/2017\/05\/perceval2.png?resize=667%2C340\" alt=\"\" width=\"667\" height=\"340\" srcset=\"https:\/\/i0.wp.com\/unfrenchie.fr\/wp-content\/uploads\/2017\/05\/perceval2.png?w=1000 1000w, https:\/\/i0.wp.com\/unfrenchie.fr\/wp-content\/uploads\/2017\/05\/perceval2.png?resize=300%2C153 300w, https:\/\/i0.wp.com\/unfrenchie.fr\/wp-content\/uploads\/2017\/05\/perceval2.png?resize=768%2C392 768w\" sizes=\"(max-width: 667px) 100vw, 667px\" data-recalc-dims=\"1\" \/><\/p>\n<p style=\"text-align: left;\">Et n\u2019oubliez pas, le parti d\u2019extr\u00eame dr\u00f4le vaincra.<\/p>\n<p style=\"text-align: left;\">A bon \u00e9lecteur\u2026<\/p>\n<p style=\"text-align: left;\">Paul tandniaiser (AKA Jules les jours de RTT)<\/p>\n","protected":false},"excerpt":{"rendered":"<p>En cette p\u00e9riode \u00e9lectorale tendue comme un string Arnys sur-mesure, il est temps de r\u00e9tablir l\u2019ordre des choses avec une s\u00e9lection de 10 vrais bonhommes, des candidats qui eux ont moins de casseroles que Cyril Lignac et plus de programme que t\u00e9l\u00e9 7 jours. D\u00e9cryptage &#038; r\u00e9v\u00e9lation.<\/p>\n","protected":false},"author":1,"featured_media":299,"comment_status":"open","ping_status":"open","sticky":false,"template":"","format":"standard","meta":{"jetpack_post_was_ever_published":false,"_jetpack_newsletter_access":"","_jetpack_dont_email_post_to_subs":false,"_jetpack_newsletter_tier_id":0,"_jetpack_memberships_contains_paywalled_content":false,"_jetpack_memberships_contains_paid_content":false,"footnotes":"","jetpack_publicize_message":"","jetpack_publicize_feature_enabled":true,"jetpack_social_post_already_shared":true,"jetpack_social_options":{"image_generator_settings":{"template":"highway","enabled":false}}},"categories":[8,15],"tags":[17,16,18],"jetpack_publicize_connections":[],"jetpack_featured_media_url":"https:\/\/i0.wp.com\/unfrenchie.fr\/wp-content\/uploads\/2017\/05\/oss20172-1.png?fit=1279%2C795","jetpack_sharing_enabled":true,"jetpack_shortlink":"https:\/\/wp.me\/p8sENR-4z","jetpack-related-posts":[],"_links":{"self":[{"href":"http:\/\/unfrenchie.fr\/index.php?rest_route=\/wp\/v2\/posts\/283"}],"collection":[{"href":"http:\/\/unfrenchie.fr\/index.php?rest_route=\/wp\/v2\/posts"}],"about":[{"href":"http:\/\/unfrenchie.fr\/index.php?rest_route=\/wp\/v2\/types\/post"}],"author":[{"embeddable":true,"href":"http:\/\/unfrenchie.fr\/index.php?rest_route=\/wp\/v2\/users\/1"}],"replies":[{"embeddable":true,"href":"http:\/\/unfrenchie.fr\/index.php?rest_route=%2Fwp%2Fv2%2Fcomments&post=283"}],"version-history":[{"count":9,"href":"http:\/\/unfrenchie.fr\/index.php?rest_route=\/wp\/v2\/posts\/283\/revisions"}],"predecessor-version":[{"id":304,"href":"http:\/\/unfrenchie.fr\/index.php?rest_route=\/wp\/v2\/posts\/283\/revisions\/304"}],"wp:featuredmedia":[{"embeddable":true,"href":"http:\/\/unfrenchie.fr\/index.php?rest_route=\/wp\/v2\/media\/299"}],"wp:attachment":[{"href":"http:\/\/unfrenchie.fr\/index.php?rest_route=%2Fwp%2Fv2%2Fmedia&parent=283"}],"wp:term":[{"taxonomy":"category","embeddable":true,"href":"http:\/\/unfrenchie.fr\/index.php?rest_route=%2Fwp%2Fv2%2Fcategories&post=283"},{"taxonomy":"post_tag","embeddable":true,"href":"http:\/\/unfrenchie.fr\/index.php?rest_route=%2Fwp%2Fv2%2Ftags&post=283"}],"curies":[{"name":"wp","href":"https:\/\/api.w.org\/{rel}","templated":true}]}}